{"id":3315,"date":"2024-12-19T10:11:09","date_gmt":"2024-12-19T09:11:09","guid":{"rendered":"https:\/\/abmdig.no\/?p=3315"},"modified":"2024-12-19T10:26:22","modified_gmt":"2024-12-19T09:26:22","slug":"radgivende-utvalg-pa-jaeren","status":"publish","type":"post","link":"https:\/\/beta.bibliotekutvikling.no\/abmdig\/2024\/12\/19\/radgivende-utvalg-pa-jaeren\/","title":{"rendered":"R\u00e5dgivande utval p\u00e5 J\u00e6ren"},"content":{"rendered":"\n<p>I november hadde r\u00e5dgivande utval for kulturarvdigitalisering \u00e5rets fysiske m\u00f8te. Denne gongen var J\u00e6rmuseet vertskap for samlinga som gjekk over to dagar.<\/p>\n\n\n\n<figure class=\"wp-block-image size-large is-resized\"><img loading=\"lazy\" decoding=\"async\" width=\"1024\" height=\"768\" src=\"https:\/\/bibliotekutvikling.no\/content\/uploads\/sites\/14\/2024\/12\/Radgivende-utvalg-pa-Jaeren_red-1024x768.jpg\" alt=\"Medlemmene i r\u00e5dgivende utvalg\" class=\"wp-image-3317\" style=\"width:668px;height:auto\" srcset=\"https:\/\/beta.bibliotekutvikling.no\/content\/uploads\/sites\/14\/2024\/12\/Radgivende-utvalg-pa-Jaeren_red-1024x768.jpg 1024w, https:\/\/beta.bibliotekutvikling.no\/content\/uploads\/sites\/14\/2024\/12\/Radgivende-utvalg-pa-Jaeren_red-300x225.jpg 300w, https:\/\/beta.bibliotekutvikling.no\/content\/uploads\/sites\/14\/2024\/12\/Radgivende-utvalg-pa-Jaeren_red-768x576.jpg 768w, https:\/\/beta.bibliotekutvikling.no\/content\/uploads\/sites\/14\/2024\/12\/Radgivende-utvalg-pa-Jaeren_red-1536x1152.jpg 1536w, https:\/\/beta.bibliotekutvikling.no\/content\/uploads\/sites\/14\/2024\/12\/Radgivende-utvalg-pa-Jaeren_red-2048x1536.jpg 2048w\" sizes=\"auto, (max-width: 1024px) 100vw, 1024px\" \/><figcaption class=\"wp-element-caption\">R\u00e5dgivande utval for kulturarvdigitalisering. Fra v.bak: Ole Martin R\u00f8nning (Arbark), Ole Aastad Br\u00e5ten (Valdresmusea), Jonny Edvardsen (NB), Aslak Sira Myhre (NB), Svein Arne Solbakk (NB), Cecilie \u00d8ien (Preus museum), Lene Walle (Vestfoldmuseene), Rigmor Sj\u00f8voll (NB), Per Inge B\u00f8e (J\u00e6rmuseet), Arne J. Berg (Mj\u00f8smuseet), Marte Aanes Stien (NB), Aud \u00c5se Reitan (Levanger fotomuseum), Kristine S. S\u00f8dal (ARKIVET freds- og menneskerettighetssenter), Mariann W. Magga (Tana og Varanger Museumssiida), Jan Aakvik (IKA M\u00f8re og Romsdal), Maria-Carme Torres-Calvo (Universitetsbiblioteket i Bergen), Marianne A. Olsen (Perspektivet museum).<\/figcaption><\/figure>\n\n\n\n<p>I forslag til statsbudsjett ligg det inne ein auke til NB p\u00e5 20 millionar kroner for bruk til <a href=\"https:\/\/www.nb.no\/pressemeldinger\/regjeringen-vil-satse-stort-pa-digitalisering-og-kunstig-intelligens-ved-nasjonalbiblioteket\/\">oppskalering av digitaliseringsaktivitetane<\/a> i Mo i Rana. Dette var ogs\u00e5 tema for \u00e5rets fysiske m\u00f8te i r\u00e5dgivande utval for kulturarvdigitalisering, i tillegg til faste punkt og orienteringar.<\/p>\n\n\n\n<p>Sj\u00f8lve m\u00f8tet i r\u00e5dgivande utval vart halde i lokala til J\u00e6rmuseet ved Vitenfabrikken p\u00e5 Sandnes. Etter m\u00f8tet fekk utvalet omvisning og presentasjon av utstillingar.<\/p>\n\n\n\n<p>P\u00e5 dag to av samlinga fekk utvalet bes\u00f8kja <a href=\"https:\/\/www.jaermuseet.no\/garborgsenteret\/garborgheimen\/\">Garborgheimen<\/a> og fekk ein fantastisk introduksjon til historia rundt Arne Garborgs barndomsheim. Etterp\u00e5 var det lunsj og omvisning ved J\u00e6rmuseet sin lokalitet <a href=\"https:\/\/www.jaermuseet.no\/vitengarden\/\">Vitengarden<\/a>. <\/p>\n\n\n\n<p>I tillegg til eit sv\u00e6rt vellykka m\u00f8te baud samlinga p\u00e5 mykje inspirasjon og gode samtalar.<\/p>\n","protected":false},"excerpt":{"rendered":"<p>\u00c5rets fysisk m\u00f8te vart halde i november<\/p>\n","protected":false},"author":5213,"featured_media":3317,"comment_status":"closed","ping_status":"closed","sticky":false,"template":"","format":"standard","meta":{"nb_hide_title":false,"footnotes":""},"categories":[5],"tags":[],"class_list":["post-3315","post","type-post","status-publish","format-standard","has-post-thumbnail","hentry","category-nyheter"],"yoast_head":"<!-- This site is optimized with the Yoast SEO Premium plugin v27.1 (Yoast SEO v27.1.1) - https:\/\/yoast.com\/product\/yoast-seo-premium-wordpress\/ -->\n<title>R\u00e5dgivande utval p\u00e5 J\u00e6ren - Kulturarvdigitalisering<\/title>\n<meta name=\"description\" content=\"R\u00e5dgivende utvalg for kulturarvdigitalisering ved Nasjonalbiblioteket har to m\u00f8ter i \u00e5ret, hvorav ett er fysisk. I \u00e5r var dette lagt til J\u00e6rmuseet.\" \/>\n<meta name=\"robots\" content=\"index, follow, max-snippet:-1, max-image-preview:large, max-video-preview:-1\" \/>\n<link rel=\"canonical\" href=\"https:\/\/beta.bibliotekutvikling.no\/abmdig\/2024\/12\/19\/radgivende-utvalg-pa-jaeren\/\" \/>\n<meta property=\"og:locale\" content=\"nb_NO\" \/>\n<meta property=\"og:type\" content=\"article\" \/>\n<meta property=\"og:title\" content=\"R\u00e5dgivande utval p\u00e5 J\u00e6ren\" \/>\n<meta property=\"og:description\" content=\"R\u00e5dgivende utvalg for kulturarvdigitalisering ved Nasjonalbiblioteket har to m\u00f8ter i \u00e5ret, hvorav ett er fysisk. I \u00e5r var dette lagt til J\u00e6rmuseet.\" \/>\n<meta property=\"og:url\" content=\"https:\/\/beta.bibliotekutvikling.no\/abmdig\/2024\/12\/19\/radgivende-utvalg-pa-jaeren\/\" \/>\n<meta property=\"og:site_name\" content=\"Kulturarvdigitalisering\" \/>\n<meta property=\"article:published_time\" content=\"2024-12-19T09:11:09+00:00\" \/>\n<meta property=\"article:modified_time\" content=\"2024-12-19T09:26:22+00:00\" \/>\n<meta property=\"og:image\" content=\"https:\/\/beta.bibliotekutvikling.no\/content\/uploads\/sites\/14\/2024\/12\/Radgivende-utvalg-pa-Jaeren_red-scaled.jpg\" \/>\n\t<meta property=\"og:image:width\" content=\"2560\" \/>\n\t<meta property=\"og:image:height\" content=\"1920\" \/>\n\t<meta property=\"og:image:type\" content=\"image\/jpeg\" \/>\n<meta name=\"author\" content=\"marteaas\" \/>\n<meta name=\"twitter:card\" content=\"summary_large_image\" \/>\n<meta name=\"twitter:label1\" content=\"Skrevet av\" \/>\n\t<meta name=\"twitter:data1\" content=\"marteaas\" \/>\n\t<meta name=\"twitter:label2\" content=\"Ansl. lesetid\" \/>\n\t<meta name=\"twitter:data2\" content=\"2 minutter\" \/>\n<script type=\"application\/ld+json\" class=\"yoast-schema-graph\">{\"@context\":\"https:\/\/schema.org\",\"@graph\":[{\"@type\":\"Article\",\"@id\":\"https:\/\/beta.bibliotekutvikling.no\/abmdig\/2024\/12\/19\/radgivende-utvalg-pa-jaeren\/#article\",\"isPartOf\":{\"@id\":\"https:\/\/beta.bibliotekutvikling.no\/abmdig\/2024\/12\/19\/radgivende-utvalg-pa-jaeren\/\"},\"author\":{\"name\":\"marteaas\",\"@id\":\"https:\/\/beta.bibliotekutvikling.no\/abmdig\/#\/schema\/person\/bd57174a10c7c03072974e7efebd6556\"},\"headline\":\"R\u00e5dgivande utval p\u00e5 J\u00e6ren\",\"datePublished\":\"2024-12-19T09:11:09+00:00\",\"dateModified\":\"2024-12-19T09:26:22+00:00\",\"mainEntityOfPage\":{\"@id\":\"https:\/\/beta.bibliotekutvikling.no\/abmdig\/2024\/12\/19\/radgivende-utvalg-pa-jaeren\/\"},\"wordCount\":248,\"image\":{\"@id\":\"https:\/\/beta.bibliotekutvikling.no\/abmdig\/2024\/12\/19\/radgivende-utvalg-pa-jaeren\/#primaryimage\"},\"thumbnailUrl\":\"https:\/\/beta.bibliotekutvikling.no\/content\/uploads\/sites\/14\/2024\/12\/Radgivende-utvalg-pa-Jaeren_red-scaled.jpg\",\"articleSection\":[\"Nyheter\"],\"inLanguage\":\"nb-NO\"},{\"@type\":\"WebPage\",\"@id\":\"https:\/\/beta.bibliotekutvikling.no\/abmdig\/2024\/12\/19\/radgivende-utvalg-pa-jaeren\/\",\"url\":\"https:\/\/beta.bibliotekutvikling.no\/abmdig\/2024\/12\/19\/radgivende-utvalg-pa-jaeren\/\",\"name\":\"R\u00e5dgivande utval p\u00e5 J\u00e6ren - Kulturarvdigitalisering\",\"isPartOf\":{\"@id\":\"https:\/\/beta.bibliotekutvikling.no\/abmdig\/#website\"},\"primaryImageOfPage\":{\"@id\":\"https:\/\/beta.bibliotekutvikling.no\/abmdig\/2024\/12\/19\/radgivende-utvalg-pa-jaeren\/#primaryimage\"},\"image\":{\"@id\":\"https:\/\/beta.bibliotekutvikling.no\/abmdig\/2024\/12\/19\/radgivende-utvalg-pa-jaeren\/#primaryimage\"},\"thumbnailUrl\":\"https:\/\/beta.bibliotekutvikling.no\/content\/uploads\/sites\/14\/2024\/12\/Radgivende-utvalg-pa-Jaeren_red-scaled.jpg\",\"datePublished\":\"2024-12-19T09:11:09+00:00\",\"dateModified\":\"2024-12-19T09:26:22+00:00\",\"author\":{\"@id\":\"https:\/\/beta.bibliotekutvikling.no\/abmdig\/#\/schema\/person\/bd57174a10c7c03072974e7efebd6556\"},\"description\":\"R\u00e5dgivende utvalg for kulturarvdigitalisering ved Nasjonalbiblioteket har to m\u00f8ter i \u00e5ret, hvorav ett er fysisk. I \u00e5r var dette lagt til J\u00e6rmuseet.\",\"breadcrumb\":{\"@id\":\"https:\/\/beta.bibliotekutvikling.no\/abmdig\/2024\/12\/19\/radgivende-utvalg-pa-jaeren\/#breadcrumb\"},\"inLanguage\":\"nb-NO\",\"potentialAction\":[{\"@type\":\"ReadAction\",\"target\":[\"https:\/\/beta.bibliotekutvikling.no\/abmdig\/2024\/12\/19\/radgivende-utvalg-pa-jaeren\/\"]}]},{\"@type\":\"ImageObject\",\"inLanguage\":\"nb-NO\",\"@id\":\"https:\/\/beta.bibliotekutvikling.no\/abmdig\/2024\/12\/19\/radgivende-utvalg-pa-jaeren\/#primaryimage\",\"url\":\"https:\/\/beta.bibliotekutvikling.no\/content\/uploads\/sites\/14\/2024\/12\/Radgivende-utvalg-pa-Jaeren_red-scaled.jpg\",\"contentUrl\":\"https:\/\/beta.bibliotekutvikling.no\/content\/uploads\/sites\/14\/2024\/12\/Radgivende-utvalg-pa-Jaeren_red-scaled.jpg\",\"width\":2560,\"height\":1920,\"caption\":\"Medlemmer i r\u00e5dgivende utvalg for kulturarvdigitalisering samlet i en trapp\"},{\"@type\":\"BreadcrumbList\",\"@id\":\"https:\/\/beta.bibliotekutvikling.no\/abmdig\/2024\/12\/19\/radgivende-utvalg-pa-jaeren\/#breadcrumb\",\"itemListElement\":[{\"@type\":\"ListItem\",\"position\":1,\"name\":\"Hjem\",\"item\":\"https:\/\/beta.bibliotekutvikling.no\/abmdig\/\"},{\"@type\":\"ListItem\",\"position\":2,\"name\":\"R\u00e5dgivande utval p\u00e5 J\u00e6ren\"}]},{\"@type\":\"WebSite\",\"@id\":\"https:\/\/beta.bibliotekutvikling.no\/abmdig\/#website\",\"url\":\"https:\/\/beta.bibliotekutvikling.no\/abmdig\/\",\"name\":\"Nasjonalbiblioteket | Kulturarvdigitalisering\",\"description\":\"\",\"potentialAction\":[{\"@type\":\"SearchAction\",\"target\":{\"@type\":\"EntryPoint\",\"urlTemplate\":\"https:\/\/beta.bibliotekutvikling.no\/abmdig\/?s={search_term_string}\"},\"query-input\":{\"@type\":\"PropertyValueSpecification\",\"valueRequired\":true,\"valueName\":\"search_term_string\"}}],\"inLanguage\":\"nb-NO\"},{\"@type\":\"Person\",\"@id\":\"https:\/\/beta.bibliotekutvikling.no\/abmdig\/#\/schema\/person\/bd57174a10c7c03072974e7efebd6556\",\"name\":\"marteaas\",\"image\":{\"@type\":\"ImageObject\",\"inLanguage\":\"nb-NO\",\"@id\":\"https:\/\/beta.bibliotekutvikling.no\/abmdig\/#\/schema\/person\/image\/\",\"url\":\"https:\/\/secure.gravatar.com\/avatar\/7450efb7947f3faff58dc4317ca2a7f224df4b28da5a56923727288f8a6b177a?s=96&d=mm&r=g\",\"contentUrl\":\"https:\/\/secure.gravatar.com\/avatar\/7450efb7947f3faff58dc4317ca2a7f224df4b28da5a56923727288f8a6b177a?s=96&d=mm&r=g\",\"caption\":\"marteaas\"},\"url\":\"https:\/\/beta.bibliotekutvikling.no\/abmdig\/author\/marteaas\/\"}]}<\/script>\n<!-- \/ Yoast SEO Premium plugin. -->","yoast_head_json":{"title":"R\u00e5dgivande utval p\u00e5 J\u00e6ren - Kulturarvdigitalisering","description":"R\u00e5dgivende utvalg for kulturarvdigitalisering ved Nasjonalbiblioteket har to m\u00f8ter i \u00e5ret, hvorav ett er fysisk. I \u00e5r var dette lagt til J\u00e6rmuseet.","robots":{"index":"index","follow":"follow","max-snippet":"max-snippet:-1","max-image-preview":"max-image-preview:large","max-video-preview":"max-video-preview:-1"},"canonical":"https:\/\/beta.bibliotekutvikling.no\/abmdig\/2024\/12\/19\/radgivende-utvalg-pa-jaeren\/","og_locale":"nb_NO","og_type":"article","og_title":"R\u00e5dgivande utval p\u00e5 J\u00e6ren","og_description":"R\u00e5dgivende utvalg for kulturarvdigitalisering ved Nasjonalbiblioteket har to m\u00f8ter i \u00e5ret, hvorav ett er fysisk. I \u00e5r var dette lagt til J\u00e6rmuseet.","og_url":"https:\/\/beta.bibliotekutvikling.no\/abmdig\/2024\/12\/19\/radgivende-utvalg-pa-jaeren\/","og_site_name":"Kulturarvdigitalisering","article_published_time":"2024-12-19T09:11:09+00:00","article_modified_time":"2024-12-19T09:26:22+00:00","og_image":[{"width":2560,"height":1920,"url":"https:\/\/beta.bibliotekutvikling.no\/content\/uploads\/sites\/14\/2024\/12\/Radgivende-utvalg-pa-Jaeren_red-scaled.jpg","type":"image\/jpeg"}],"author":"marteaas","twitter_card":"summary_large_image","twitter_misc":{"Skrevet av":"marteaas","Ansl. lesetid":"2 minutter"},"schema":{"@context":"https:\/\/schema.org","@graph":[{"@type":"Article","@id":"https:\/\/beta.bibliotekutvikling.no\/abmdig\/2024\/12\/19\/radgivende-utvalg-pa-jaeren\/#article","isPartOf":{"@id":"https:\/\/beta.bibliotekutvikling.no\/abmdig\/2024\/12\/19\/radgivende-utvalg-pa-jaeren\/"},"author":{"name":"marteaas","@id":"https:\/\/beta.bibliotekutvikling.no\/abmdig\/#\/schema\/person\/bd57174a10c7c03072974e7efebd6556"},"headline":"R\u00e5dgivande utval p\u00e5 J\u00e6ren","datePublished":"2024-12-19T09:11:09+00:00","dateModified":"2024-12-19T09:26:22+00:00","mainEntityOfPage":{"@id":"https:\/\/beta.bibliotekutvikling.no\/abmdig\/2024\/12\/19\/radgivende-utvalg-pa-jaeren\/"},"wordCount":248,"image":{"@id":"https:\/\/beta.bibliotekutvikling.no\/abmdig\/2024\/12\/19\/radgivende-utvalg-pa-jaeren\/#primaryimage"},"thumbnailUrl":"https:\/\/beta.bibliotekutvikling.no\/content\/uploads\/sites\/14\/2024\/12\/Radgivende-utvalg-pa-Jaeren_red-scaled.jpg","articleSection":["Nyheter"],"inLanguage":"nb-NO"},{"@type":"WebPage","@id":"https:\/\/beta.bibliotekutvikling.no\/abmdig\/2024\/12\/19\/radgivende-utvalg-pa-jaeren\/","url":"https:\/\/beta.bibliotekutvikling.no\/abmdig\/2024\/12\/19\/radgivende-utvalg-pa-jaeren\/","name":"R\u00e5dgivande utval p\u00e5 J\u00e6ren - Kulturarvdigitalisering","isPartOf":{"@id":"https:\/\/beta.bibliotekutvikling.no\/abmdig\/#website"},"primaryImageOfPage":{"@id":"https:\/\/beta.bibliotekutvikling.no\/abmdig\/2024\/12\/19\/radgivende-utvalg-pa-jaeren\/#primaryimage"},"image":{"@id":"https:\/\/beta.bibliotekutvikling.no\/abmdig\/2024\/12\/19\/radgivende-utvalg-pa-jaeren\/#primaryimage"},"thumbnailUrl":"https:\/\/beta.bibliotekutvikling.no\/content\/uploads\/sites\/14\/2024\/12\/Radgivende-utvalg-pa-Jaeren_red-scaled.jpg","datePublished":"2024-12-19T09:11:09+00:00","dateModified":"2024-12-19T09:26:22+00:00","author":{"@id":"https:\/\/beta.bibliotekutvikling.no\/abmdig\/#\/schema\/person\/bd57174a10c7c03072974e7efebd6556"},"description":"R\u00e5dgivende utvalg for kulturarvdigitalisering ved Nasjonalbiblioteket har to m\u00f8ter i \u00e5ret, hvorav ett er fysisk. I \u00e5r var dette lagt til J\u00e6rmuseet.","breadcrumb":{"@id":"https:\/\/beta.bibliotekutvikling.no\/abmdig\/2024\/12\/19\/radgivende-utvalg-pa-jaeren\/#breadcrumb"},"inLanguage":"nb-NO","potentialAction":[{"@type":"ReadAction","target":["https:\/\/beta.bibliotekutvikling.no\/abmdig\/2024\/12\/19\/radgivende-utvalg-pa-jaeren\/"]}]},{"@type":"ImageObject","inLanguage":"nb-NO","@id":"https:\/\/beta.bibliotekutvikling.no\/abmdig\/2024\/12\/19\/radgivende-utvalg-pa-jaeren\/#primaryimage","url":"https:\/\/beta.bibliotekutvikling.no\/content\/uploads\/sites\/14\/2024\/12\/Radgivende-utvalg-pa-Jaeren_red-scaled.jpg","contentUrl":"https:\/\/beta.bibliotekutvikling.no\/content\/uploads\/sites\/14\/2024\/12\/Radgivende-utvalg-pa-Jaeren_red-scaled.jpg","width":2560,"height":1920,"caption":"Medlemmer i r\u00e5dgivende utvalg for kulturarvdigitalisering samlet i en trapp"},{"@type":"BreadcrumbList","@id":"https:\/\/beta.bibliotekutvikling.no\/abmdig\/2024\/12\/19\/radgivende-utvalg-pa-jaeren\/#breadcrumb","itemListElement":[{"@type":"ListItem","position":1,"name":"Hjem","item":"https:\/\/beta.bibliotekutvikling.no\/abmdig\/"},{"@type":"ListItem","position":2,"name":"R\u00e5dgivande utval p\u00e5 J\u00e6ren"}]},{"@type":"WebSite","@id":"https:\/\/beta.bibliotekutvikling.no\/abmdig\/#website","url":"https:\/\/beta.bibliotekutvikling.no\/abmdig\/","name":"Nasjonalbiblioteket | Kulturarvdigitalisering","description":"","potentialAction":[{"@type":"SearchAction","target":{"@type":"EntryPoint","urlTemplate":"https:\/\/beta.bibliotekutvikling.no\/abmdig\/?s={search_term_string}"},"query-input":{"@type":"PropertyValueSpecification","valueRequired":true,"valueName":"search_term_string"}}],"inLanguage":"nb-NO"},{"@type":"Person","@id":"https:\/\/beta.bibliotekutvikling.no\/abmdig\/#\/schema\/person\/bd57174a10c7c03072974e7efebd6556","name":"marteaas","image":{"@type":"ImageObject","inLanguage":"nb-NO","@id":"https:\/\/beta.bibliotekutvikling.no\/abmdig\/#\/schema\/person\/image\/","url":"https:\/\/secure.gravatar.com\/avatar\/7450efb7947f3faff58dc4317ca2a7f224df4b28da5a56923727288f8a6b177a?s=96&d=mm&r=g","contentUrl":"https:\/\/secure.gravatar.com\/avatar\/7450efb7947f3faff58dc4317ca2a7f224df4b28da5a56923727288f8a6b177a?s=96&d=mm&r=g","caption":"marteaas"},"url":"https:\/\/beta.bibliotekutvikling.no\/abmdig\/author\/marteaas\/"}]}},"_links":{"self":[{"href":"https:\/\/beta.bibliotekutvikling.no\/abmdig\/wp-json\/wp\/v2\/posts\/3315","targetHints":{"allow":["GET"]}}],"collection":[{"href":"https:\/\/beta.bibliotekutvikling.no\/abmdig\/wp-json\/wp\/v2\/posts"}],"about":[{"href":"https:\/\/beta.bibliotekutvikling.no\/abmdig\/wp-json\/wp\/v2\/types\/post"}],"author":[{"embeddable":true,"href":"https:\/\/beta.bibliotekutvikling.no\/abmdig\/wp-json\/wp\/v2\/users\/5213"}],"replies":[{"embeddable":true,"href":"https:\/\/beta.bibliotekutvikling.no\/abmdig\/wp-json\/wp\/v2\/comments?post=3315"}],"version-history":[{"count":5,"href":"https:\/\/beta.bibliotekutvikling.no\/abmdig\/wp-json\/wp\/v2\/posts\/3315\/revisions"}],"predecessor-version":[{"id":3334,"href":"https:\/\/beta.bibliotekutvikling.no\/abmdig\/wp-json\/wp\/v2\/posts\/3315\/revisions\/3334"}],"wp:featuredmedia":[{"embeddable":true,"href":"https:\/\/beta.bibliotekutvikling.no\/abmdig\/wp-json\/wp\/v2\/media\/3317"}],"wp:attachment":[{"href":"https:\/\/beta.bibliotekutvikling.no\/abmdig\/wp-json\/wp\/v2\/media?parent=3315"}],"wp:term":[{"taxonomy":"category","embeddable":true,"href":"https:\/\/beta.bibliotekutvikling.no\/abmdig\/wp-json\/wp\/v2\/categories?post=3315"},{"taxonomy":"post_tag","embeddable":true,"href":"https:\/\/beta.bibliotekutvikling.no\/abmdig\/wp-json\/wp\/v2\/tags?post=3315"}],"curies":[{"name":"wp","href":"https:\/\/api.w.org\/{rel}","templated":true}]}}