{"id":3646,"date":"2025-01-09T15:13:39","date_gmt":"2025-01-09T14:13:39","guid":{"rendered":"https:\/\/abmdig.no\/?p=3646"},"modified":"2025-01-10T08:43:44","modified_gmt":"2025-01-10T07:43:44","slug":"god-kapasitet-pa-lyd","status":"publish","type":"post","link":"https:\/\/beta.bibliotekutvikling.no\/abmdig\/2025\/01\/09\/god-kapasitet-pa-lyd\/","title":{"rendered":"God kapasitet p\u00e5 lyd!"},"content":{"rendered":"\n<h3 class=\"wp-block-heading\" id=\"h-vi-har-god-kapasitet-i-digitaliseringsloypa-for-lyd-og-tar-na-gjerne-i-mot-flere-lydobjekter-fra-abm-sektoren\"><strong>Vi har god kapasitet i digitaliseringsl\u00f8ypa for lyd og tar n\u00e5 gjerne i mot flere lydobjekter fra ABM-sektoren!<\/strong><\/h3>\n\n\n\n<figure class=\"wp-block-image size-large\"><img loading=\"lazy\" decoding=\"async\" width=\"1024\" height=\"329\" src=\"https:\/\/bibliotekutvikling.no\/content\/uploads\/sites\/14\/2020\/03\/20151007-lydrom-029-1024x329.jpg\" alt=\"Audiovisuelt materiale\" class=\"wp-image-440\" srcset=\"https:\/\/beta.bibliotekutvikling.no\/content\/uploads\/sites\/14\/2020\/03\/20151007-lydrom-029-1024x329.jpg 1024w, https:\/\/beta.bibliotekutvikling.no\/content\/uploads\/sites\/14\/2020\/03\/20151007-lydrom-029-300x96.jpg 300w, https:\/\/beta.bibliotekutvikling.no\/content\/uploads\/sites\/14\/2020\/03\/20151007-lydrom-029-768x247.jpg 768w, https:\/\/beta.bibliotekutvikling.no\/content\/uploads\/sites\/14\/2020\/03\/20151007-lydrom-029-1536x493.jpg 1536w, https:\/\/beta.bibliotekutvikling.no\/content\/uploads\/sites\/14\/2020\/03\/20151007-lydrom-029.jpg 1600w\" sizes=\"auto, (max-width: 1024px) 100vw, 1024px\" \/><figcaption class=\"wp-element-caption\">Vi digitaliserer lyd fra de aller fleste formater <\/figcaption><\/figure>\n\n\n\n<p>Lyd er den digitaliseringsl\u00f8ypa som har v\u00e6rt p\u00e5 plass lengst og vi har opparbeidet en god kapasitet. Det betyr at vi \u00f8nsker en jevn str\u00f8m inn med lydmateriale fra ABM-sektoren for \u00e5 fylle l\u00f8ypa.<\/p>\n\n\n\n<p>For de som har sendt oss materiale kan det nok likevel oppleves som at det tar lang tid fra materialet er sendt til de mottar filer tilbake. I 2021 og 2022 mottok vi veldig mye materiale som ga relativt lang k\u00f8. Etter dette har ikke innstr\u00f8mmen v\u00e6rt like stor og vi har dermed jobbet ned ventetida betraktelig. Det aller meste som ble mottatt i 2024 vil sannsynligvis bli digitalisert innen ett \u00e5r.<\/p>\n\n\n\n<p>Vi \u00f8nsker \u00e5 planlegge produksjonen i god tid, derfor \u00f8nsker vi n\u00e5 gjerne \u00e5 motta mer materiale til digitalisering. <a href=\"https:\/\/abmdig.no\/hvordan-komme-i-gang-med-digitalisering\/lyd-video-og-film\/\">S\u00e5, har dere lyd som \u00f8nskes digitalisert, les her og ta kontakt! <\/a><\/p>\n\n\n\n<div class=\"wp-block-columns is-layout-flex wp-container-core-columns-is-layout-28f84493 wp-block-columns-is-layout-flex\">\n<div class=\"wp-block-column is-layout-flow wp-block-column-is-layout-flow\" style=\"flex-basis:100%\">\n<div class=\"wp-block-group has-global-padding is-layout-constrained wp-block-group-is-layout-constrained\">\n<div class=\"wp-block-columns is-layout-flex wp-container-core-columns-is-layout-28f84493 wp-block-columns-is-layout-flex\">\n<div class=\"wp-block-column is-layout-flow wp-block-column-is-layout-flow\" style=\"flex-basis:100%\"><div class=\"t2-featured-single-post t2-featured-content is-post-type-page is-style-small wp-block-t2-featured-single-post has-background has-primary-50-background-color\"><a class=\"nb-post-link  wp-block-nb-post-link\" href=\"https:\/\/beta.bibliotekutvikling.no\/abmdig\/hvordan-komme-i-gang-med-digitalisering\/\">\n<figure class=\"nb-post-featured-image has-image-ratio-16-9 wp-block-nb-post-featured-image\"><img loading=\"lazy\" decoding=\"async\" width=\"768\" height=\"472\" src=\"https:\/\/beta.bibliotekutvikling.no\/content\/uploads\/sites\/14\/2020\/03\/20140518-nb-bilder-070r-1-768x472.jpg\" class=\"attachment-medium_large size-medium_large wp-post-image\" alt=\"Lydb\u00e5ndavspiller\" srcset=\"https:\/\/beta.bibliotekutvikling.no\/content\/uploads\/sites\/14\/2020\/03\/20140518-nb-bilder-070r-1-768x472.jpg 768w, https:\/\/beta.bibliotekutvikling.no\/content\/uploads\/sites\/14\/2020\/03\/20140518-nb-bilder-070r-1-300x184.jpg 300w, https:\/\/beta.bibliotekutvikling.no\/content\/uploads\/sites\/14\/2020\/03\/20140518-nb-bilder-070r-1-1024x629.jpg 1024w, https:\/\/beta.bibliotekutvikling.no\/content\/uploads\/sites\/14\/2020\/03\/20140518-nb-bilder-070r-1.jpg 1400w\" sizes=\"auto, (min-width: 1200px) 384px, (min-width: 700px) 33vw, 350px\" \/><\/figure>\n\n<div class=\"wp-block-group alignfull is-layout-flow wp-block-group-is-layout-flow\">\n\t\n\t<h2 class=\"t2-post-title wp-block-t2-post-title\">Hvordan komme i gang med digitalisering<\/h2>\n\t<div class=\"nb-post-excerpt wp-block-nb-post-excerpt\">Start prosessen her<\/div>\n\t\n\t\n<\/div>\n\n<\/a>\n<\/div><\/div>\n<\/div>\n\n\n<div class=\"t2-featured-single-post t2-featured-content is-post-type-page is-style-small wp-block-t2-featured-single-post has-background has-primary-50-background-color\"><a class=\"nb-post-link  wp-block-nb-post-link\" href=\"https:\/\/beta.bibliotekutvikling.no\/abmdig\/senter-for-kulturarvdigitalisering\/praktisk-gjennomforing\/materiale-som-omfattes\/lyd\/\">\n<figure class=\"nb-post-featured-image has-image-ratio-16-9 wp-block-nb-post-featured-image\"><img loading=\"lazy\" decoding=\"async\" width=\"768\" height=\"783\" src=\"https:\/\/beta.bibliotekutvikling.no\/content\/uploads\/sites\/14\/2020\/02\/dat-tape-foto_Nasjonalbiblioteket-1200x1223-1-768x783.jpg\" class=\"attachment-medium_large size-medium_large wp-post-image\" alt=\"DAT-kassett\" srcset=\"https:\/\/beta.bibliotekutvikling.no\/content\/uploads\/sites\/14\/2020\/02\/dat-tape-foto_Nasjonalbiblioteket-1200x1223-1-768x783.jpg 768w, https:\/\/beta.bibliotekutvikling.no\/content\/uploads\/sites\/14\/2020\/02\/dat-tape-foto_Nasjonalbiblioteket-1200x1223-1-294x300.jpg 294w, https:\/\/beta.bibliotekutvikling.no\/content\/uploads\/sites\/14\/2020\/02\/dat-tape-foto_Nasjonalbiblioteket-1200x1223-1-1005x1024.jpg 1005w, https:\/\/beta.bibliotekutvikling.no\/content\/uploads\/sites\/14\/2020\/02\/dat-tape-foto_Nasjonalbiblioteket-1200x1223-1-e1581552571324.jpg 800w\" sizes=\"auto, (min-width: 1200px) 384px, (min-width: 700px) 33vw, 350px\" \/><\/figure>\n\n<div class=\"wp-block-group alignfull is-layout-flow wp-block-group-is-layout-flow\">\n\t\n\t<h2 class=\"t2-post-title wp-block-t2-post-title\">Lydmateriale<\/h2>\n\t<div class=\"nb-post-excerpt wp-block-nb-post-excerpt\">Vi digitaliserer de aller fleste lydformater<\/div>\n\t\n\t\n<\/div>\n\n<\/a>\n<\/div><\/div>\n<\/div>\n<\/div>\n\n\n\n<p><\/p>\n","protected":false},"excerpt":{"rendered":"","protected":false},"author":5213,"featured_media":0,"comment_status":"closed","ping_status":"closed","sticky":false,"template":"","format":"standard","meta":{"nb_hide_title":false,"footnotes":""},"categories":[1],"tags":[],"class_list":["post-3646","post","type-post","status-publish","format-standard","hentry","category-ukategorisert"],"yoast_head":"<!-- This site is optimized with the Yoast SEO Premium plugin v27.1 (Yoast SEO v27.1.1) - https:\/\/yoast.com\/product\/yoast-seo-premium-wordpress\/ -->\n<title>God kapasitet p\u00e5 lyd! - Kulturarvdigitalisering<\/title>\n<meta name=\"description\" content=\"Nasjonalbiblioteket har god kapasitet i l\u00f8ypa for digitalisering av lyd i de fleste formater.\" \/>\n<meta name=\"robots\" content=\"index, follow, max-snippet:-1, max-image-preview:large, max-video-preview:-1\" \/>\n<link rel=\"canonical\" href=\"https:\/\/beta.bibliotekutvikling.no\/abmdig\/2025\/01\/09\/god-kapasitet-pa-lyd\/\" \/>\n<meta property=\"og:locale\" content=\"nb_NO\" \/>\n<meta property=\"og:type\" content=\"article\" \/>\n<meta property=\"og:title\" content=\"God kapasitet p\u00e5 lyd!\" \/>\n<meta property=\"og:description\" content=\"Nasjonalbiblioteket har god kapasitet i l\u00f8ypa for digitalisering av lyd i de fleste formater.\" \/>\n<meta property=\"og:url\" content=\"https:\/\/beta.bibliotekutvikling.no\/abmdig\/2025\/01\/09\/god-kapasitet-pa-lyd\/\" \/>\n<meta property=\"og:site_name\" content=\"Kulturarvdigitalisering\" \/>\n<meta property=\"article:published_time\" content=\"2025-01-09T14:13:39+00:00\" \/>\n<meta property=\"article:modified_time\" content=\"2025-01-10T07:43:44+00:00\" \/>\n<meta property=\"og:image\" content=\"https:\/\/bibliotekutvikling.no\/content\/uploads\/sites\/14\/2020\/03\/20151007-lydrom-029-1024x329.jpg\" \/>\n<meta name=\"author\" content=\"marteaas\" \/>\n<meta name=\"twitter:card\" content=\"summary_large_image\" \/>\n<meta name=\"twitter:label1\" content=\"Skrevet av\" \/>\n\t<meta name=\"twitter:data1\" content=\"marteaas\" \/>\n\t<meta name=\"twitter:label2\" content=\"Ansl. lesetid\" \/>\n\t<meta name=\"twitter:data2\" content=\"2 minutter\" \/>\n<script type=\"application\/ld+json\" class=\"yoast-schema-graph\">{\"@context\":\"https:\/\/schema.org\",\"@graph\":[{\"@type\":\"Article\",\"@id\":\"https:\/\/beta.bibliotekutvikling.no\/abmdig\/2025\/01\/09\/god-kapasitet-pa-lyd\/#article\",\"isPartOf\":{\"@id\":\"https:\/\/beta.bibliotekutvikling.no\/abmdig\/2025\/01\/09\/god-kapasitet-pa-lyd\/\"},\"author\":{\"name\":\"marteaas\",\"@id\":\"https:\/\/beta.bibliotekutvikling.no\/abmdig\/#\/schema\/person\/bd57174a10c7c03072974e7efebd6556\"},\"headline\":\"God kapasitet p\u00e5 lyd!\",\"datePublished\":\"2025-01-09T14:13:39+00:00\",\"dateModified\":\"2025-01-10T07:43:44+00:00\",\"mainEntityOfPage\":{\"@id\":\"https:\/\/beta.bibliotekutvikling.no\/abmdig\/2025\/01\/09\/god-kapasitet-pa-lyd\/\"},\"wordCount\":168,\"image\":{\"@id\":\"https:\/\/beta.bibliotekutvikling.no\/abmdig\/2025\/01\/09\/god-kapasitet-pa-lyd\/#primaryimage\"},\"thumbnailUrl\":\"https:\/\/bibliotekutvikling.no\/content\/uploads\/sites\/14\/2020\/03\/20151007-lydrom-029-1024x329.jpg\",\"inLanguage\":\"nb-NO\"},{\"@type\":\"WebPage\",\"@id\":\"https:\/\/beta.bibliotekutvikling.no\/abmdig\/2025\/01\/09\/god-kapasitet-pa-lyd\/\",\"url\":\"https:\/\/beta.bibliotekutvikling.no\/abmdig\/2025\/01\/09\/god-kapasitet-pa-lyd\/\",\"name\":\"God kapasitet p\u00e5 lyd! - Kulturarvdigitalisering\",\"isPartOf\":{\"@id\":\"https:\/\/beta.bibliotekutvikling.no\/abmdig\/#website\"},\"primaryImageOfPage\":{\"@id\":\"https:\/\/beta.bibliotekutvikling.no\/abmdig\/2025\/01\/09\/god-kapasitet-pa-lyd\/#primaryimage\"},\"image\":{\"@id\":\"https:\/\/beta.bibliotekutvikling.no\/abmdig\/2025\/01\/09\/god-kapasitet-pa-lyd\/#primaryimage\"},\"thumbnailUrl\":\"https:\/\/bibliotekutvikling.no\/content\/uploads\/sites\/14\/2020\/03\/20151007-lydrom-029-1024x329.jpg\",\"datePublished\":\"2025-01-09T14:13:39+00:00\",\"dateModified\":\"2025-01-10T07:43:44+00:00\",\"author\":{\"@id\":\"https:\/\/beta.bibliotekutvikling.no\/abmdig\/#\/schema\/person\/bd57174a10c7c03072974e7efebd6556\"},\"description\":\"Nasjonalbiblioteket har god kapasitet i l\u00f8ypa for digitalisering av lyd i de fleste formater.\",\"breadcrumb\":{\"@id\":\"https:\/\/beta.bibliotekutvikling.no\/abmdig\/2025\/01\/09\/god-kapasitet-pa-lyd\/#breadcrumb\"},\"inLanguage\":\"nb-NO\",\"potentialAction\":[{\"@type\":\"ReadAction\",\"target\":[\"https:\/\/beta.bibliotekutvikling.no\/abmdig\/2025\/01\/09\/god-kapasitet-pa-lyd\/\"]}]},{\"@type\":\"ImageObject\",\"inLanguage\":\"nb-NO\",\"@id\":\"https:\/\/beta.bibliotekutvikling.no\/abmdig\/2025\/01\/09\/god-kapasitet-pa-lyd\/#primaryimage\",\"url\":\"https:\/\/bibliotekutvikling.no\/content\/uploads\/sites\/14\/2020\/03\/20151007-lydrom-029-1024x329.jpg\",\"contentUrl\":\"https:\/\/bibliotekutvikling.no\/content\/uploads\/sites\/14\/2020\/03\/20151007-lydrom-029-1024x329.jpg\"},{\"@type\":\"BreadcrumbList\",\"@id\":\"https:\/\/beta.bibliotekutvikling.no\/abmdig\/2025\/01\/09\/god-kapasitet-pa-lyd\/#breadcrumb\",\"itemListElement\":[{\"@type\":\"ListItem\",\"position\":1,\"name\":\"Hjem\",\"item\":\"https:\/\/beta.bibliotekutvikling.no\/abmdig\/\"},{\"@type\":\"ListItem\",\"position\":2,\"name\":\"God kapasitet p\u00e5 lyd!\"}]},{\"@type\":\"WebSite\",\"@id\":\"https:\/\/beta.bibliotekutvikling.no\/abmdig\/#website\",\"url\":\"https:\/\/beta.bibliotekutvikling.no\/abmdig\/\",\"name\":\"Nasjonalbiblioteket | Kulturarvdigitalisering\",\"description\":\"\",\"potentialAction\":[{\"@type\":\"SearchAction\",\"target\":{\"@type\":\"EntryPoint\",\"urlTemplate\":\"https:\/\/beta.bibliotekutvikling.no\/abmdig\/?s={search_term_string}\"},\"query-input\":{\"@type\":\"PropertyValueSpecification\",\"valueRequired\":true,\"valueName\":\"search_term_string\"}}],\"inLanguage\":\"nb-NO\"},{\"@type\":\"Person\",\"@id\":\"https:\/\/beta.bibliotekutvikling.no\/abmdig\/#\/schema\/person\/bd57174a10c7c03072974e7efebd6556\",\"name\":\"marteaas\",\"image\":{\"@type\":\"ImageObject\",\"inLanguage\":\"nb-NO\",\"@id\":\"https:\/\/beta.bibliotekutvikling.no\/abmdig\/#\/schema\/person\/image\/\",\"url\":\"https:\/\/secure.gravatar.com\/avatar\/7450efb7947f3faff58dc4317ca2a7f224df4b28da5a56923727288f8a6b177a?s=96&d=mm&r=g\",\"contentUrl\":\"https:\/\/secure.gravatar.com\/avatar\/7450efb7947f3faff58dc4317ca2a7f224df4b28da5a56923727288f8a6b177a?s=96&d=mm&r=g\",\"caption\":\"marteaas\"},\"url\":\"https:\/\/beta.bibliotekutvikling.no\/abmdig\/author\/marteaas\/\"}]}<\/script>\n<!-- \/ Yoast SEO Premium plugin. -->","yoast_head_json":{"title":"God kapasitet p\u00e5 lyd! - Kulturarvdigitalisering","description":"Nasjonalbiblioteket har god kapasitet i l\u00f8ypa for digitalisering av lyd i de fleste formater.","robots":{"index":"index","follow":"follow","max-snippet":"max-snippet:-1","max-image-preview":"max-image-preview:large","max-video-preview":"max-video-preview:-1"},"canonical":"https:\/\/beta.bibliotekutvikling.no\/abmdig\/2025\/01\/09\/god-kapasitet-pa-lyd\/","og_locale":"nb_NO","og_type":"article","og_title":"God kapasitet p\u00e5 lyd!","og_description":"Nasjonalbiblioteket har god kapasitet i l\u00f8ypa for digitalisering av lyd i de fleste formater.","og_url":"https:\/\/beta.bibliotekutvikling.no\/abmdig\/2025\/01\/09\/god-kapasitet-pa-lyd\/","og_site_name":"Kulturarvdigitalisering","article_published_time":"2025-01-09T14:13:39+00:00","article_modified_time":"2025-01-10T07:43:44+00:00","og_image":[{"url":"https:\/\/bibliotekutvikling.no\/content\/uploads\/sites\/14\/2020\/03\/20151007-lydrom-029-1024x329.jpg","type":"","width":"","height":""}],"author":"marteaas","twitter_card":"summary_large_image","twitter_misc":{"Skrevet av":"marteaas","Ansl. lesetid":"2 minutter"},"schema":{"@context":"https:\/\/schema.org","@graph":[{"@type":"Article","@id":"https:\/\/beta.bibliotekutvikling.no\/abmdig\/2025\/01\/09\/god-kapasitet-pa-lyd\/#article","isPartOf":{"@id":"https:\/\/beta.bibliotekutvikling.no\/abmdig\/2025\/01\/09\/god-kapasitet-pa-lyd\/"},"author":{"name":"marteaas","@id":"https:\/\/beta.bibliotekutvikling.no\/abmdig\/#\/schema\/person\/bd57174a10c7c03072974e7efebd6556"},"headline":"God kapasitet p\u00e5 lyd!","datePublished":"2025-01-09T14:13:39+00:00","dateModified":"2025-01-10T07:43:44+00:00","mainEntityOfPage":{"@id":"https:\/\/beta.bibliotekutvikling.no\/abmdig\/2025\/01\/09\/god-kapasitet-pa-lyd\/"},"wordCount":168,"image":{"@id":"https:\/\/beta.bibliotekutvikling.no\/abmdig\/2025\/01\/09\/god-kapasitet-pa-lyd\/#primaryimage"},"thumbnailUrl":"https:\/\/bibliotekutvikling.no\/content\/uploads\/sites\/14\/2020\/03\/20151007-lydrom-029-1024x329.jpg","inLanguage":"nb-NO"},{"@type":"WebPage","@id":"https:\/\/beta.bibliotekutvikling.no\/abmdig\/2025\/01\/09\/god-kapasitet-pa-lyd\/","url":"https:\/\/beta.bibliotekutvikling.no\/abmdig\/2025\/01\/09\/god-kapasitet-pa-lyd\/","name":"God kapasitet p\u00e5 lyd! - Kulturarvdigitalisering","isPartOf":{"@id":"https:\/\/beta.bibliotekutvikling.no\/abmdig\/#website"},"primaryImageOfPage":{"@id":"https:\/\/beta.bibliotekutvikling.no\/abmdig\/2025\/01\/09\/god-kapasitet-pa-lyd\/#primaryimage"},"image":{"@id":"https:\/\/beta.bibliotekutvikling.no\/abmdig\/2025\/01\/09\/god-kapasitet-pa-lyd\/#primaryimage"},"thumbnailUrl":"https:\/\/bibliotekutvikling.no\/content\/uploads\/sites\/14\/2020\/03\/20151007-lydrom-029-1024x329.jpg","datePublished":"2025-01-09T14:13:39+00:00","dateModified":"2025-01-10T07:43:44+00:00","author":{"@id":"https:\/\/beta.bibliotekutvikling.no\/abmdig\/#\/schema\/person\/bd57174a10c7c03072974e7efebd6556"},"description":"Nasjonalbiblioteket har god kapasitet i l\u00f8ypa for digitalisering av lyd i de fleste formater.","breadcrumb":{"@id":"https:\/\/beta.bibliotekutvikling.no\/abmdig\/2025\/01\/09\/god-kapasitet-pa-lyd\/#breadcrumb"},"inLanguage":"nb-NO","potentialAction":[{"@type":"ReadAction","target":["https:\/\/beta.bibliotekutvikling.no\/abmdig\/2025\/01\/09\/god-kapasitet-pa-lyd\/"]}]},{"@type":"ImageObject","inLanguage":"nb-NO","@id":"https:\/\/beta.bibliotekutvikling.no\/abmdig\/2025\/01\/09\/god-kapasitet-pa-lyd\/#primaryimage","url":"https:\/\/bibliotekutvikling.no\/content\/uploads\/sites\/14\/2020\/03\/20151007-lydrom-029-1024x329.jpg","contentUrl":"https:\/\/bibliotekutvikling.no\/content\/uploads\/sites\/14\/2020\/03\/20151007-lydrom-029-1024x329.jpg"},{"@type":"BreadcrumbList","@id":"https:\/\/beta.bibliotekutvikling.no\/abmdig\/2025\/01\/09\/god-kapasitet-pa-lyd\/#breadcrumb","itemListElement":[{"@type":"ListItem","position":1,"name":"Hjem","item":"https:\/\/beta.bibliotekutvikling.no\/abmdig\/"},{"@type":"ListItem","position":2,"name":"God kapasitet p\u00e5 lyd!"}]},{"@type":"WebSite","@id":"https:\/\/beta.bibliotekutvikling.no\/abmdig\/#website","url":"https:\/\/beta.bibliotekutvikling.no\/abmdig\/","name":"Nasjonalbiblioteket | Kulturarvdigitalisering","description":"","potentialAction":[{"@type":"SearchAction","target":{"@type":"EntryPoint","urlTemplate":"https:\/\/beta.bibliotekutvikling.no\/abmdig\/?s={search_term_string}"},"query-input":{"@type":"PropertyValueSpecification","valueRequired":true,"valueName":"search_term_string"}}],"inLanguage":"nb-NO"},{"@type":"Person","@id":"https:\/\/beta.bibliotekutvikling.no\/abmdig\/#\/schema\/person\/bd57174a10c7c03072974e7efebd6556","name":"marteaas","image":{"@type":"ImageObject","inLanguage":"nb-NO","@id":"https:\/\/beta.bibliotekutvikling.no\/abmdig\/#\/schema\/person\/image\/","url":"https:\/\/secure.gravatar.com\/avatar\/7450efb7947f3faff58dc4317ca2a7f224df4b28da5a56923727288f8a6b177a?s=96&d=mm&r=g","contentUrl":"https:\/\/secure.gravatar.com\/avatar\/7450efb7947f3faff58dc4317ca2a7f224df4b28da5a56923727288f8a6b177a?s=96&d=mm&r=g","caption":"marteaas"},"url":"https:\/\/beta.bibliotekutvikling.no\/abmdig\/author\/marteaas\/"}]}},"_links":{"self":[{"href":"https:\/\/beta.bibliotekutvikling.no\/abmdig\/wp-json\/wp\/v2\/posts\/3646","targetHints":{"allow":["GET"]}}],"collection":[{"href":"https:\/\/beta.bibliotekutvikling.no\/abmdig\/wp-json\/wp\/v2\/posts"}],"about":[{"href":"https:\/\/beta.bibliotekutvikling.no\/abmdig\/wp-json\/wp\/v2\/types\/post"}],"author":[{"embeddable":true,"href":"https:\/\/beta.bibliotekutvikling.no\/abmdig\/wp-json\/wp\/v2\/users\/5213"}],"replies":[{"embeddable":true,"href":"https:\/\/beta.bibliotekutvikling.no\/abmdig\/wp-json\/wp\/v2\/comments?post=3646"}],"version-history":[{"count":5,"href":"https:\/\/beta.bibliotekutvikling.no\/abmdig\/wp-json\/wp\/v2\/posts\/3646\/revisions"}],"predecessor-version":[{"id":3670,"href":"https:\/\/beta.bibliotekutvikling.no\/abmdig\/wp-json\/wp\/v2\/posts\/3646\/revisions\/3670"}],"wp:attachment":[{"href":"https:\/\/beta.bibliotekutvikling.no\/abmdig\/wp-json\/wp\/v2\/media?parent=3646"}],"wp:term":[{"taxonomy":"category","embeddable":true,"href":"https:\/\/beta.bibliotekutvikling.no\/abmdig\/wp-json\/wp\/v2\/categories?post=3646"},{"taxonomy":"post_tag","embeddable":true,"href":"https:\/\/beta.bibliotekutvikling.no\/abmdig\/wp-json\/wp\/v2\/tags?post=3646"}],"curies":[{"name":"wp","href":"https:\/\/api.w.org\/{rel}","templated":true}]}}