{"id":2527,"date":"2023-06-09T12:19:17","date_gmt":"2023-06-09T10:19:17","guid":{"rendered":"https:\/\/bibliotekutvikling.no\/dfb\/?p=2527"},"modified":"2023-06-22T08:50:46","modified_gmt":"2023-06-22T06:50:46","slug":"midlertidig-stenging-av-bokpakkebestillinger-fra-dfb","status":"publish","type":"post","link":"https:\/\/beta.bibliotekutvikling.no\/dfb\/2023\/06\/09\/midlertidig-stenging-av-bokpakkebestillinger-fra-dfb\/","title":{"rendered":"Midlertidig stans i bokpakkebestillinger fra DFB"},"content":{"rendered":"<figure class=\"alignwide wp-block-post-featured-image\"><img loading=\"lazy\" decoding=\"async\" width=\"1197\" height=\"672\" src=\"https:\/\/beta.bibliotekutvikling.no\/content\/uploads\/sites\/17\/2022\/10\/Multimediaboks-med-penpal-foto-Tonje-Sivertsen-e1667229603484.jpg\" class=\"attachment-post-thumbnail size-post-thumbnail wp-post-image\" alt=\"\" style=\"object-fit:cover;\" srcset=\"https:\/\/beta.bibliotekutvikling.no\/content\/uploads\/sites\/17\/2022\/10\/Multimediaboks-med-penpal-foto-Tonje-Sivertsen-e1667229603484.jpg 1197w, https:\/\/beta.bibliotekutvikling.no\/content\/uploads\/sites\/17\/2022\/10\/Multimediaboks-med-penpal-foto-Tonje-Sivertsen-e1667229603484-300x168.jpg 300w, https:\/\/beta.bibliotekutvikling.no\/content\/uploads\/sites\/17\/2022\/10\/Multimediaboks-med-penpal-foto-Tonje-Sivertsen-e1667229603484-1024x575.jpg 1024w, https:\/\/beta.bibliotekutvikling.no\/content\/uploads\/sites\/17\/2022\/10\/Multimediaboks-med-penpal-foto-Tonje-Sivertsen-e1667229603484-768x431.jpg 768w, https:\/\/beta.bibliotekutvikling.no\/content\/uploads\/sites\/17\/2022\/10\/Multimediaboks-med-penpal-foto-Tonje-Sivertsen-e1667229603484-600x337.jpg 600w\" sizes=\"auto, (max-width: 1197px) 100vw, 1197px\" \/><\/figure>\n\n\n\t<div class=\"wp-block-nb-byline\">\n\t\t\t\t\t<div class=\"nb-byline__author\">\n\t\t\t\t\t\t\t\t<p class=\"nb-byline__name\">\n\t\t\t\t\t\t\t\t\t<\/p>\n\t\t\t<\/div>\n\t\t\t\t\t\t\t<time class=\"nb-byline__time__published\" datetime=\"2023-06-09T12:19:17+02:00\">\n\t\t\t\t<span>Posted<\/span>\n\t\t\t\t<span>9. juni 2023 12:19<\/span>\n\t\t\t<\/time>\n\t\t\t\t\t\t\t\t\t<time class=\"nb-byline__time__updated\" datetime=\"2023-06-22T08:50:46+02:00\" >\n\t\t\t\t\t\t<span>Updated<\/span>\n\t\t\t\t\t\t<span>22. juni 2023 08:50<\/span>\n\t\t\t\t\t<\/time>\n\t\t\t\t\t\t\t<\/div>\n\t\n\n\n<p>Det blir en midlertidig stans i bokpakkebestillinger i sommerferien.<\/p>\n\n\n\n<p>Bestillingsskjemaet stenges ved arbeidsdagens slutt mandag 12. juni. Vi vil \u00e5pne for nye bestillinger igjen senest 21. august.<\/p>\n\n\n\n<p>Vanlig fjernl\u00e5n fra Depotbiblioteket og DFB-samlingen kan fortsatt bestilles som f\u00f8r. Ved behov for veiledning ved fjernl\u00e5nsbestilling p\u00e5 bestemte spr\u00e5k fra DFB, ta <a href=\"https:\/\/bibliotekutvikling.no\/dfb\/om-oss\/\">gjerne kontakt med spr\u00e5kansvarlig.<\/a><\/p>\n\n\n\n<p><\/p>\n","protected":false},"excerpt":{"rendered":"","protected":false},"author":6868,"featured_media":1536,"comment_status":"closed","ping_status":"closed","sticky":false,"template":"","format":"standard","meta":{"nb_hide_title":false,"nb_breadcrumb_title_override":"","footnotes":""},"categories":[1],"tags":[],"class_list":["post-2527","post","type-post","status-publish","format-standard","has-post-thumbnail","hentry","category-nyheter"],"yoast_head":"<!-- This site is optimized with the Yoast SEO Premium plugin v27.1 (Yoast SEO v27.1.1) - https:\/\/yoast.com\/product\/yoast-seo-premium-wordpress\/ -->\n<title>Midlertidig stans i bokpakkebestillinger fra DFB - Det flerspr\u00e5klige bibliotek<\/title>\n<meta name=\"robots\" content=\"index, follow, max-snippet:-1, max-image-preview:large, max-video-preview:-1\" \/>\n<link rel=\"canonical\" href=\"https:\/\/beta.bibliotekutvikling.no\/dfb\/2023\/06\/09\/midlertidig-stenging-av-bokpakkebestillinger-fra-dfb\/\" \/>\n<meta property=\"og:locale\" content=\"nb_NO\" \/>\n<meta property=\"og:type\" content=\"article\" \/>\n<meta property=\"og:title\" content=\"Midlertidig stans i bokpakkebestillinger fra DFB\" \/>\n<meta property=\"og:url\" content=\"https:\/\/beta.bibliotekutvikling.no\/dfb\/2023\/06\/09\/midlertidig-stenging-av-bokpakkebestillinger-fra-dfb\/\" \/>\n<meta property=\"og:site_name\" content=\"Det flerspr\u00e5klige bibliotek\" \/>\n<meta property=\"article:publisher\" content=\"https:\/\/www.facebook.com\/profile.php?id=100066429046602\" \/>\n<meta property=\"article:published_time\" content=\"2023-06-09T10:19:17+00:00\" \/>\n<meta property=\"article:modified_time\" content=\"2023-06-22T06:50:46+00:00\" \/>\n<meta property=\"og:image\" content=\"https:\/\/beta.bibliotekutvikling.no\/content\/uploads\/sites\/17\/2022\/10\/Multimediaboks-med-penpal-foto-Tonje-Sivertsen-e1667229603484.jpg\" \/>\n\t<meta property=\"og:image:width\" content=\"1197\" \/>\n\t<meta property=\"og:image:height\" content=\"672\" \/>\n\t<meta property=\"og:image:type\" content=\"image\/jpeg\" \/>\n<meta name=\"author\" content=\"Venke Uglenes\" \/>\n<meta name=\"twitter:card\" content=\"summary_large_image\" \/>\n<meta name=\"twitter:label1\" content=\"Skrevet av\" \/>\n\t<meta name=\"twitter:data1\" content=\"Venke Uglenes\" \/>\n\t<meta name=\"twitter:label2\" content=\"Ansl. lesetid\" \/>\n\t<meta name=\"twitter:data2\" content=\"1 minutt\" \/>\n<script type=\"application\/ld+json\" class=\"yoast-schema-graph\">{\"@context\":\"https:\/\/schema.org\",\"@graph\":[{\"@type\":\"Article\",\"@id\":\"https:\/\/beta.bibliotekutvikling.no\/dfb\/2023\/06\/09\/midlertidig-stenging-av-bokpakkebestillinger-fra-dfb\/#article\",\"isPartOf\":{\"@id\":\"https:\/\/beta.bibliotekutvikling.no\/dfb\/2023\/06\/09\/midlertidig-stenging-av-bokpakkebestillinger-fra-dfb\/\"},\"author\":{\"name\":\"Venke Uglenes\",\"@id\":\"https:\/\/beta.bibliotekutvikling.no\/dfb\/#\/schema\/person\/4c9a12ca899e0ca0ac488747b3804e6f\"},\"headline\":\"Midlertidig stans i bokpakkebestillinger fra DFB\",\"datePublished\":\"2023-06-09T10:19:17+00:00\",\"dateModified\":\"2023-06-22T06:50:46+00:00\",\"mainEntityOfPage\":{\"@id\":\"https:\/\/beta.bibliotekutvikling.no\/dfb\/2023\/06\/09\/midlertidig-stenging-av-bokpakkebestillinger-fra-dfb\/\"},\"wordCount\":63,\"publisher\":{\"@id\":\"https:\/\/beta.bibliotekutvikling.no\/dfb\/#organization\"},\"image\":{\"@id\":\"https:\/\/beta.bibliotekutvikling.no\/dfb\/2023\/06\/09\/midlertidig-stenging-av-bokpakkebestillinger-fra-dfb\/#primaryimage\"},\"thumbnailUrl\":\"https:\/\/beta.bibliotekutvikling.no\/content\/uploads\/sites\/17\/2022\/10\/Multimediaboks-med-penpal-foto-Tonje-Sivertsen-e1667229603484.jpg\",\"articleSection\":[\"Nyheter\"],\"inLanguage\":\"nb-NO\"},{\"@type\":\"WebPage\",\"@id\":\"https:\/\/beta.bibliotekutvikling.no\/dfb\/2023\/06\/09\/midlertidig-stenging-av-bokpakkebestillinger-fra-dfb\/\",\"url\":\"https:\/\/beta.bibliotekutvikling.no\/dfb\/2023\/06\/09\/midlertidig-stenging-av-bokpakkebestillinger-fra-dfb\/\",\"name\":\"Midlertidig stans i bokpakkebestillinger fra DFB - Det flerspr\u00e5klige bibliotek\",\"isPartOf\":{\"@id\":\"https:\/\/beta.bibliotekutvikling.no\/dfb\/#website\"},\"primaryImageOfPage\":{\"@id\":\"https:\/\/beta.bibliotekutvikling.no\/dfb\/2023\/06\/09\/midlertidig-stenging-av-bokpakkebestillinger-fra-dfb\/#primaryimage\"},\"image\":{\"@id\":\"https:\/\/beta.bibliotekutvikling.no\/dfb\/2023\/06\/09\/midlertidig-stenging-av-bokpakkebestillinger-fra-dfb\/#primaryimage\"},\"thumbnailUrl\":\"https:\/\/beta.bibliotekutvikling.no\/content\/uploads\/sites\/17\/2022\/10\/Multimediaboks-med-penpal-foto-Tonje-Sivertsen-e1667229603484.jpg\",\"datePublished\":\"2023-06-09T10:19:17+00:00\",\"dateModified\":\"2023-06-22T06:50:46+00:00\",\"breadcrumb\":{\"@id\":\"https:\/\/beta.bibliotekutvikling.no\/dfb\/2023\/06\/09\/midlertidig-stenging-av-bokpakkebestillinger-fra-dfb\/#breadcrumb\"},\"inLanguage\":\"nb-NO\",\"potentialAction\":[{\"@type\":\"ReadAction\",\"target\":[\"https:\/\/beta.bibliotekutvikling.no\/dfb\/2023\/06\/09\/midlertidig-stenging-av-bokpakkebestillinger-fra-dfb\/\"]}]},{\"@type\":\"ImageObject\",\"inLanguage\":\"nb-NO\",\"@id\":\"https:\/\/beta.bibliotekutvikling.no\/dfb\/2023\/06\/09\/midlertidig-stenging-av-bokpakkebestillinger-fra-dfb\/#primaryimage\",\"url\":\"https:\/\/beta.bibliotekutvikling.no\/content\/uploads\/sites\/17\/2022\/10\/Multimediaboks-med-penpal-foto-Tonje-Sivertsen-e1667229603484.jpg\",\"contentUrl\":\"https:\/\/beta.bibliotekutvikling.no\/content\/uploads\/sites\/17\/2022\/10\/Multimediaboks-med-penpal-foto-Tonje-Sivertsen-e1667229603484.jpg\",\"width\":1197,\"height\":672},{\"@type\":\"BreadcrumbList\",\"@id\":\"https:\/\/beta.bibliotekutvikling.no\/dfb\/2023\/06\/09\/midlertidig-stenging-av-bokpakkebestillinger-fra-dfb\/#breadcrumb\",\"itemListElement\":[{\"@type\":\"ListItem\",\"position\":1,\"name\":\"Hjem\",\"item\":\"https:\/\/beta.bibliotekutvikling.no\/dfb\/\"},{\"@type\":\"ListItem\",\"position\":2,\"name\":\"Midlertidig stans i bokpakkebestillinger fra DFB\"}]},{\"@type\":\"WebSite\",\"@id\":\"https:\/\/beta.bibliotekutvikling.no\/dfb\/#website\",\"url\":\"https:\/\/beta.bibliotekutvikling.no\/dfb\/\",\"name\":\"Det flerspr\u00e5klige bibliotek\",\"description\":\"\",\"publisher\":{\"@id\":\"https:\/\/beta.bibliotekutvikling.no\/dfb\/#organization\"},\"potentialAction\":[{\"@type\":\"SearchAction\",\"target\":{\"@type\":\"EntryPoint\",\"urlTemplate\":\"https:\/\/beta.bibliotekutvikling.no\/dfb\/?s={search_term_string}\"},\"query-input\":{\"@type\":\"PropertyValueSpecification\",\"valueRequired\":true,\"valueName\":\"search_term_string\"}}],\"inLanguage\":\"nb-NO\"},{\"@type\":\"Organization\",\"@id\":\"https:\/\/beta.bibliotekutvikling.no\/dfb\/#organization\",\"name\":\"Det flerspr\u00e5klige bibliotek\",\"url\":\"https:\/\/beta.bibliotekutvikling.no\/dfb\/\",\"logo\":{\"@type\":\"ImageObject\",\"inLanguage\":\"nb-NO\",\"@id\":\"https:\/\/beta.bibliotekutvikling.no\/dfb\/#\/schema\/logo\/image\/\",\"url\":\"https:\/\/bibliotekutvikling.no\/content\/uploads\/sites\/17\/2022\/09\/dfb.svg\",\"contentUrl\":\"https:\/\/bibliotekutvikling.no\/content\/uploads\/sites\/17\/2022\/09\/dfb.svg\",\"width\":143,\"height\":65,\"caption\":\"Det flerspr\u00e5klige bibliotek\"},\"image\":{\"@id\":\"https:\/\/beta.bibliotekutvikling.no\/dfb\/#\/schema\/logo\/image\/\"},\"sameAs\":[\"https:\/\/www.facebook.com\/profile.php?id=100066429046602\"]},{\"@type\":\"Person\",\"@id\":\"https:\/\/beta.bibliotekutvikling.no\/dfb\/#\/schema\/person\/4c9a12ca899e0ca0ac488747b3804e6f\",\"name\":\"Venke Uglenes\",\"image\":{\"@type\":\"ImageObject\",\"inLanguage\":\"nb-NO\",\"@id\":\"https:\/\/beta.bibliotekutvikling.no\/dfb\/#\/schema\/person\/image\/\",\"url\":\"https:\/\/secure.gravatar.com\/avatar\/13ca9e02ffd1984abba99b8c236031bfa3c3c742d93424c775f9716f34764249?s=96&d=mm&r=g\",\"contentUrl\":\"https:\/\/secure.gravatar.com\/avatar\/13ca9e02ffd1984abba99b8c236031bfa3c3c742d93424c775f9716f34764249?s=96&d=mm&r=g\",\"caption\":\"Venke Uglenes\"},\"url\":\"https:\/\/beta.bibliotekutvikling.no\/dfb\/author\/venkeuglenes\/\"}]}<\/script>\n<!-- \/ Yoast SEO Premium plugin. -->","yoast_head_json":{"title":"Midlertidig stans i bokpakkebestillinger fra DFB - Det flerspr\u00e5klige bibliotek","robots":{"index":"index","follow":"follow","max-snippet":"max-snippet:-1","max-image-preview":"max-image-preview:large","max-video-preview":"max-video-preview:-1"},"canonical":"https:\/\/beta.bibliotekutvikling.no\/dfb\/2023\/06\/09\/midlertidig-stenging-av-bokpakkebestillinger-fra-dfb\/","og_locale":"nb_NO","og_type":"article","og_title":"Midlertidig stans i bokpakkebestillinger fra DFB","og_url":"https:\/\/beta.bibliotekutvikling.no\/dfb\/2023\/06\/09\/midlertidig-stenging-av-bokpakkebestillinger-fra-dfb\/","og_site_name":"Det flerspr\u00e5klige bibliotek","article_publisher":"https:\/\/www.facebook.com\/profile.php?id=100066429046602","article_published_time":"2023-06-09T10:19:17+00:00","article_modified_time":"2023-06-22T06:50:46+00:00","og_image":[{"width":1197,"height":672,"url":"https:\/\/beta.bibliotekutvikling.no\/content\/uploads\/sites\/17\/2022\/10\/Multimediaboks-med-penpal-foto-Tonje-Sivertsen-e1667229603484.jpg","type":"image\/jpeg"}],"author":"Venke Uglenes","twitter_card":"summary_large_image","twitter_misc":{"Skrevet av":"Venke Uglenes","Ansl. lesetid":"1 minutt"},"schema":{"@context":"https:\/\/schema.org","@graph":[{"@type":"Article","@id":"https:\/\/beta.bibliotekutvikling.no\/dfb\/2023\/06\/09\/midlertidig-stenging-av-bokpakkebestillinger-fra-dfb\/#article","isPartOf":{"@id":"https:\/\/beta.bibliotekutvikling.no\/dfb\/2023\/06\/09\/midlertidig-stenging-av-bokpakkebestillinger-fra-dfb\/"},"author":{"name":"Venke Uglenes","@id":"https:\/\/beta.bibliotekutvikling.no\/dfb\/#\/schema\/person\/4c9a12ca899e0ca0ac488747b3804e6f"},"headline":"Midlertidig stans i bokpakkebestillinger fra DFB","datePublished":"2023-06-09T10:19:17+00:00","dateModified":"2023-06-22T06:50:46+00:00","mainEntityOfPage":{"@id":"https:\/\/beta.bibliotekutvikling.no\/dfb\/2023\/06\/09\/midlertidig-stenging-av-bokpakkebestillinger-fra-dfb\/"},"wordCount":63,"publisher":{"@id":"https:\/\/beta.bibliotekutvikling.no\/dfb\/#organization"},"image":{"@id":"https:\/\/beta.bibliotekutvikling.no\/dfb\/2023\/06\/09\/midlertidig-stenging-av-bokpakkebestillinger-fra-dfb\/#primaryimage"},"thumbnailUrl":"https:\/\/beta.bibliotekutvikling.no\/content\/uploads\/sites\/17\/2022\/10\/Multimediaboks-med-penpal-foto-Tonje-Sivertsen-e1667229603484.jpg","articleSection":["Nyheter"],"inLanguage":"nb-NO"},{"@type":"WebPage","@id":"https:\/\/beta.bibliotekutvikling.no\/dfb\/2023\/06\/09\/midlertidig-stenging-av-bokpakkebestillinger-fra-dfb\/","url":"https:\/\/beta.bibliotekutvikling.no\/dfb\/2023\/06\/09\/midlertidig-stenging-av-bokpakkebestillinger-fra-dfb\/","name":"Midlertidig stans i bokpakkebestillinger fra DFB - Det flerspr\u00e5klige bibliotek","isPartOf":{"@id":"https:\/\/beta.bibliotekutvikling.no\/dfb\/#website"},"primaryImageOfPage":{"@id":"https:\/\/beta.bibliotekutvikling.no\/dfb\/2023\/06\/09\/midlertidig-stenging-av-bokpakkebestillinger-fra-dfb\/#primaryimage"},"image":{"@id":"https:\/\/beta.bibliotekutvikling.no\/dfb\/2023\/06\/09\/midlertidig-stenging-av-bokpakkebestillinger-fra-dfb\/#primaryimage"},"thumbnailUrl":"https:\/\/beta.bibliotekutvikling.no\/content\/uploads\/sites\/17\/2022\/10\/Multimediaboks-med-penpal-foto-Tonje-Sivertsen-e1667229603484.jpg","datePublished":"2023-06-09T10:19:17+00:00","dateModified":"2023-06-22T06:50:46+00:00","breadcrumb":{"@id":"https:\/\/beta.bibliotekutvikling.no\/dfb\/2023\/06\/09\/midlertidig-stenging-av-bokpakkebestillinger-fra-dfb\/#breadcrumb"},"inLanguage":"nb-NO","potentialAction":[{"@type":"ReadAction","target":["https:\/\/beta.bibliotekutvikling.no\/dfb\/2023\/06\/09\/midlertidig-stenging-av-bokpakkebestillinger-fra-dfb\/"]}]},{"@type":"ImageObject","inLanguage":"nb-NO","@id":"https:\/\/beta.bibliotekutvikling.no\/dfb\/2023\/06\/09\/midlertidig-stenging-av-bokpakkebestillinger-fra-dfb\/#primaryimage","url":"https:\/\/beta.bibliotekutvikling.no\/content\/uploads\/sites\/17\/2022\/10\/Multimediaboks-med-penpal-foto-Tonje-Sivertsen-e1667229603484.jpg","contentUrl":"https:\/\/beta.bibliotekutvikling.no\/content\/uploads\/sites\/17\/2022\/10\/Multimediaboks-med-penpal-foto-Tonje-Sivertsen-e1667229603484.jpg","width":1197,"height":672},{"@type":"BreadcrumbList","@id":"https:\/\/beta.bibliotekutvikling.no\/dfb\/2023\/06\/09\/midlertidig-stenging-av-bokpakkebestillinger-fra-dfb\/#breadcrumb","itemListElement":[{"@type":"ListItem","position":1,"name":"Hjem","item":"https:\/\/beta.bibliotekutvikling.no\/dfb\/"},{"@type":"ListItem","position":2,"name":"Midlertidig stans i bokpakkebestillinger fra DFB"}]},{"@type":"WebSite","@id":"https:\/\/beta.bibliotekutvikling.no\/dfb\/#website","url":"https:\/\/beta.bibliotekutvikling.no\/dfb\/","name":"Det flerspr\u00e5klige bibliotek","description":"","publisher":{"@id":"https:\/\/beta.bibliotekutvikling.no\/dfb\/#organization"},"potentialAction":[{"@type":"SearchAction","target":{"@type":"EntryPoint","urlTemplate":"https:\/\/beta.bibliotekutvikling.no\/dfb\/?s={search_term_string}"},"query-input":{"@type":"PropertyValueSpecification","valueRequired":true,"valueName":"search_term_string"}}],"inLanguage":"nb-NO"},{"@type":"Organization","@id":"https:\/\/beta.bibliotekutvikling.no\/dfb\/#organization","name":"Det flerspr\u00e5klige bibliotek","url":"https:\/\/beta.bibliotekutvikling.no\/dfb\/","logo":{"@type":"ImageObject","inLanguage":"nb-NO","@id":"https:\/\/beta.bibliotekutvikling.no\/dfb\/#\/schema\/logo\/image\/","url":"https:\/\/bibliotekutvikling.no\/content\/uploads\/sites\/17\/2022\/09\/dfb.svg","contentUrl":"https:\/\/bibliotekutvikling.no\/content\/uploads\/sites\/17\/2022\/09\/dfb.svg","width":143,"height":65,"caption":"Det flerspr\u00e5klige bibliotek"},"image":{"@id":"https:\/\/beta.bibliotekutvikling.no\/dfb\/#\/schema\/logo\/image\/"},"sameAs":["https:\/\/www.facebook.com\/profile.php?id=100066429046602"]},{"@type":"Person","@id":"https:\/\/beta.bibliotekutvikling.no\/dfb\/#\/schema\/person\/4c9a12ca899e0ca0ac488747b3804e6f","name":"Venke Uglenes","image":{"@type":"ImageObject","inLanguage":"nb-NO","@id":"https:\/\/beta.bibliotekutvikling.no\/dfb\/#\/schema\/person\/image\/","url":"https:\/\/secure.gravatar.com\/avatar\/13ca9e02ffd1984abba99b8c236031bfa3c3c742d93424c775f9716f34764249?s=96&d=mm&r=g","contentUrl":"https:\/\/secure.gravatar.com\/avatar\/13ca9e02ffd1984abba99b8c236031bfa3c3c742d93424c775f9716f34764249?s=96&d=mm&r=g","caption":"Venke Uglenes"},"url":"https:\/\/beta.bibliotekutvikling.no\/dfb\/author\/venkeuglenes\/"}]}},"_links":{"self":[{"href":"https:\/\/beta.bibliotekutvikling.no\/dfb\/wp-json\/wp\/v2\/posts\/2527","targetHints":{"allow":["GET"]}}],"collection":[{"href":"https:\/\/beta.bibliotekutvikling.no\/dfb\/wp-json\/wp\/v2\/posts"}],"about":[{"href":"https:\/\/beta.bibliotekutvikling.no\/dfb\/wp-json\/wp\/v2\/types\/post"}],"author":[{"embeddable":true,"href":"https:\/\/beta.bibliotekutvikling.no\/dfb\/wp-json\/wp\/v2\/users\/6868"}],"replies":[{"embeddable":true,"href":"https:\/\/beta.bibliotekutvikling.no\/dfb\/wp-json\/wp\/v2\/comments?post=2527"}],"version-history":[{"count":5,"href":"https:\/\/beta.bibliotekutvikling.no\/dfb\/wp-json\/wp\/v2\/posts\/2527\/revisions"}],"predecessor-version":[{"id":2551,"href":"https:\/\/beta.bibliotekutvikling.no\/dfb\/wp-json\/wp\/v2\/posts\/2527\/revisions\/2551"}],"wp:featuredmedia":[{"embeddable":true,"href":"https:\/\/beta.bibliotekutvikling.no\/dfb\/wp-json\/wp\/v2\/media\/1536"}],"wp:attachment":[{"href":"https:\/\/beta.bibliotekutvikling.no\/dfb\/wp-json\/wp\/v2\/media?parent=2527"}],"wp:term":[{"taxonomy":"category","embeddable":true,"href":"https:\/\/beta.bibliotekutvikling.no\/dfb\/wp-json\/wp\/v2\/categories?post=2527"},{"taxonomy":"post_tag","embeddable":true,"href":"https:\/\/beta.bibliotekutvikling.no\/dfb\/wp-json\/wp\/v2\/tags?post=2527"}],"curies":[{"name":"wp","href":"https:\/\/api.w.org\/{rel}","templated":true}]}}